{"id":724,"date":"2020-10-06T10:28:34","date_gmt":"2020-10-06T10:28:34","guid":{"rendered":"http:\/\/immunes.health\/?p=724"},"modified":"2020-10-18T23:51:45","modified_gmt":"2020-10-18T23:51:45","slug":"vitamines-i-minerals-com-a-drets-humans","status":"publish","type":"post","link":"https:\/\/immunes.health\/?p=724&lang=ca","title":{"rendered":"Vitamines i minerals com a drets humans"},"content":{"rendered":"\n<p><strong>Fent possible el dret fonamental als nutrients b\u00e0sics que necessita la nostra salut!<\/strong><\/p>\n\n\n\n<figure class=\"wp-block-image size-large\"><img loading=\"lazy\" decoding=\"async\" width=\"1024\" height=\"683\" src=\"http:\/\/immunes.health\/wp-content\/uploads\/2020\/10\/p4_HeartMultivitamins_WL1811_gi918436996-1024x683.jpg\" alt=\"\" class=\"wp-image-708\" srcset=\"https:\/\/immunes.health\/wp-content\/uploads\/2020\/10\/p4_HeartMultivitamins_WL1811_gi918436996-1024x683.jpg 1024w, https:\/\/immunes.health\/wp-content\/uploads\/2020\/10\/p4_HeartMultivitamins_WL1811_gi918436996-600x400.jpg 600w, https:\/\/immunes.health\/wp-content\/uploads\/2020\/10\/p4_HeartMultivitamins_WL1811_gi918436996-300x200.jpg 300w, https:\/\/immunes.health\/wp-content\/uploads\/2020\/10\/p4_HeartMultivitamins_WL1811_gi918436996-768x512.jpg 768w, https:\/\/immunes.health\/wp-content\/uploads\/2020\/10\/p4_HeartMultivitamins_WL1811_gi918436996.jpg 1500w\" sizes=\"(max-width: 1024px) 100vw, 1024px\" \/><figcaption>Hearth shape in the middle of pills or tablets with copyspace text area<\/figcaption><\/figure>\n\n\n\n<p>Les vitamines, els\nminerals i els menys coneguts bioflavonoides -com la quercetina-, s\u00f3n\ncomponents b\u00e0sics per mantenir sa el nostre organisme. Tots estan en\nel nostre menjar, per\u00f2 com a conseq\u00fc\u00e8ncia de el sistema\ncapitalista i la societat moderna, aix\u00f2 no \u00e9s suficient per\nprotegir la nostra salut. En un sentit perqu\u00e8 la qualitat dels\nnutrients dels nostres aliments, especialment l&#8217;industrial, ha baixat\nradicalment en les \u00faltimes d\u00e8cades, i en un altre sentit perqu\u00e8 ha\naugmentat el nivell de toxicitat en l&#8217;aire, en els productes\nalimentaris industrials i en les ones. amb fortes exponencials, fent\nque el nostre sistema immunol\u00f2gic treballi massa gastant massa\nnutrients per mantenir-nos sans.<\/p>\n\n\n\n<p>Sent la seva\ndefici\u00e8ncia molt com\u00fa, hem apr\u00e8s que moltes de les malalties\ncontempor\u00e0nies incloses Covid-19, es poden evitar o suavitzar, si\nens assegurem que no tenim defici\u00e8ncies en cap moment de la nostra\nexist\u00e8ncia.<\/p>\n\n\n\n<p>En els moments de\nmalaltia, amb l&#8217;exist\u00e8ncia s\u00edmptomes s\u00f3n, especialment importants\nper a complementar-los, ja que el nostre sistema immunol\u00f2gic els\ngasta en quantitats m\u00e9s grans per defensar el nostre cos de la\nmalaltia.<\/p>\n\n\n\n<p>Quan et sents\nmalament, \u00e9s habitual que metges i hospitals es demorin massa en\nrecolzar-te, per\u00f2 pots ajudar-te des del primer dia de malestar, si\ntens amb tu els suplements clau que necessitar\u00e0s per recuperar\nl&#8217;equilibri.<\/p>\n\n\n\n<p>Dit aix\u00f2, encara\naquests productes que amb la ind\u00fastria moderna s&#8217;ha tornat tan\nbarats de produir, es venen en els mercats com qualsevol b\u00e9\ncapitalista, amb grans guanys per als distribu\u00efdors, a preus que no\ntots poden afrontar &#8230; En un moment de una consci\u00e8ncia global de la\nimport\u00e0ncia de la salut de tota la societat, \u00e9s el moment que aix\u00f2\ncanvi\u00ef.<\/p>\n\n\n\n<p>Immunes Health amb\nla participaci\u00f3 de tots els seus membres, tenim veu en aix\u00f2 i volem\nconvertir-nos en el primer moviment que asseguri que totes les\npersones en qualsevol circumst\u00e0ncia tinguin dret a comptar amb els\ncompostos naturals clau per mantenir-se saludables.<\/p>\n\n\n\n<p>Hem preguntat als\nfabricants, i ara sabem que nom\u00e9s per 6 euros a l&#8217;mes, qualsevol pot\ntenir una quantitat suficient de tots aquests compostos, \u00a1si ens\norganitzem!<\/p>\n\n\n\n<p>\u00c9s hora d&#8217;actuar.\nPots fer-te soci i contribuir mensualment a canvi dels productes\nb\u00e0sics. Per cada vegada que aportacions 6 euros m\u00e9s del que\nnecessites, t&#8217;assegurar\u00e0s que una altra persona tingui el mateix\nacc\u00e9s que tu a aquests productes b\u00e0sics.<\/p>\n\n\n\n<p>Aix\u00ed, per exemple,\nsi aportes 30 euros a l&#8217;mes, que potser sigui encara menys del que\ngastes en aquests productes si els compres en una botiga, podr\u00e0s\nposar aquests productes a disposici\u00f3 per a tu i per a 4 persones\nm\u00e9s.<\/p>\n\n\n\n<p>Perqu\u00e8 aix\u00f2 sigui\nuna realitat nom\u00e9s necessitem com a cooperativa organitzar-nos,\nafegint suficients persones per fer grans comandes, directament als\nfabricants, evitant intermediaris i distribuint-los a tots, socis i\npersones que no poden pagar. Per tant per cada 6 euros<\/p>\n\n\n\n<p>Per tant, podem distribuir <strong>per 6 euros per mes per persona<\/strong>, els seg\u00fcents productes i quantitats, que pertanyen a la dosi que s&#8217;ha suggerit \u00e0mpliament per a l&#8217;\u00fas diari:<\/p>\n\n\n\n<figure class=\"wp-block-image size-large\"><img loading=\"lazy\" decoding=\"async\" width=\"789\" height=\"813\" src=\"http:\/\/immunes.health\/wp-content\/uploads\/2020\/10\/multivitamins-image_page-0001-1.jpg\" alt=\"\" class=\"wp-image-887\" srcset=\"https:\/\/immunes.health\/wp-content\/uploads\/2020\/10\/multivitamins-image_page-0001-1.jpg 789w, https:\/\/immunes.health\/wp-content\/uploads\/2020\/10\/multivitamins-image_page-0001-1-600x618.jpg 600w, https:\/\/immunes.health\/wp-content\/uploads\/2020\/10\/multivitamins-image_page-0001-1-291x300.jpg 291w, https:\/\/immunes.health\/wp-content\/uploads\/2020\/10\/multivitamins-image_page-0001-1-768x791.jpg 768w\" sizes=\"(max-width: 789px) 100vw, 789px\" \/><\/figure>\n\n\n\n<p>* Perqu\u00e8 el cost de\ndistribuci\u00f3 sigui assequible i no sigui una despesa principal de\nl&#8217;total, les comandes han de ser al menys d&#8217;un m\u00ednim de 36 euros,\nque \u00e9s una comanda que es pot utilitzar per a una persona durant mig\nany.<\/p>\n\n\n\n<p>** La llista \u00e9s la\nquantitat total servida per 6 euros, per calcular la dosi di\u00e0ria\noferta cal dividir-la per 30,5. La quercetina, la vitamina C i la\nvitamina D3 vindrien separades per adaptar-se a les seves\nnecessitats. La resta en combinaci\u00f3 multivitam\u00ednic i multimineral.\nEn el futur, si hi ha la necessitat de distribuir per separat, es\npodria considerar qualsevol altre compost.<\/p>\n\n\n\n<p>*** Si durant el\nper\u00edode d&#8217;\u00fas dels productes es malalta i decideix augmentar la\ndosi, podria acabar m\u00e9s r\u00e0pid, per\u00f2 ser\u00e0 per una bona ra\u00f3, \u00a1per\nmantenir-se fort i saludable en els moments importants!<\/p>\n\n\n\n<p>**** Estem avaluant\nl&#8217;opci\u00f3 d&#8217;enviar-los en pols o en pastilles. Tamb\u00e9 podria donar-se\nl&#8217;oportunitat de deixar que els membres ho tri\u00efn. Probablement en\npastilles tindria un cost lleugerament m\u00e9s gran. (Hem de fer les\ntauletes nosaltres mateixos a l&#8217;rebre comandes de pols a granel)<\/p>\n\n\n\n<p>Per al llan\u00e7ament,\nnecessitem una contribuci\u00f3 per crear les eines de immunes Health i\nla petita infraestructura, i a el mateix temps donar suport als\nestudis i assajos cl\u00ednics que portaran a el m\u00f3n proves cient\u00edfiques\nm\u00e9s s\u00f2lides de com els productes naturals per a la salut\nimmunol\u00f2gica protegeixen de l&#8217;Covid- 19.<\/p>\n\n\n\n<p>Per aix\u00f2, la\nrecompensa amb l&#8217;aportaci\u00f3 de 50 euros de la campanya de\ncrowdfunding ser\u00e0 un mes de distribuci\u00f3 de Quercetina i Vitamina C,\ni per 100 euros d&#8217;aportaci\u00f3 s&#8217;inclouran tamb\u00e9 totes les altres\nvitamines i minerals.<\/p>\n\n\n\n<p>Despr\u00e9s de la\nmembres\u00eda, des del segon mes, \u00a1els preus passaran a ser els 6 euros\nen el total explicat en aquest post! Afegeix-te per fer-ho possible!<\/p>\n","protected":false},"excerpt":{"rendered":"<p>Fent possible el dret fonamental als nutrients b\u00e0sics que necessita la nostra salut! Les vitamines, els minerals i els menys coneguts bioflavonoides -com la quercetina-, s\u00f3n components b\u00e0sics per mantenir sa el nostre organisme. Tots estan en el nostre menjar, per\u00f2 com a conseq\u00fc\u00e8ncia de el sistema capitalista i la societat moderna, aix\u00f2 no \u00e9s [&hellip;]<\/p>\n","protected":false},"author":1,"featured_media":708,"comment_status":"open","ping_status":"open","sticky":false,"template":"","format":"standard","meta":{"footnotes":""},"categories":[55],"tags":[],"_links":{"self":[{"href":"https:\/\/immunes.health\/index.php?rest_route=\/wp\/v2\/posts\/724"}],"collection":[{"href":"https:\/\/immunes.health\/index.php?rest_route=\/wp\/v2\/posts"}],"about":[{"href":"https:\/\/immunes.health\/index.php?rest_route=\/wp\/v2\/types\/post"}],"author":[{"embeddable":true,"href":"https:\/\/immunes.health\/index.php?rest_route=\/wp\/v2\/users\/1"}],"replies":[{"embeddable":true,"href":"https:\/\/immunes.health\/index.php?rest_route=%2Fwp%2Fv2%2Fcomments&post=724"}],"version-history":[{"count":3,"href":"https:\/\/immunes.health\/index.php?rest_route=\/wp\/v2\/posts\/724\/revisions"}],"predecessor-version":[{"id":893,"href":"https:\/\/immunes.health\/index.php?rest_route=\/wp\/v2\/posts\/724\/revisions\/893"}],"wp:featuredmedia":[{"embeddable":true,"href":"https:\/\/immunes.health\/index.php?rest_route=\/wp\/v2\/media\/708"}],"wp:attachment":[{"href":"https:\/\/immunes.health\/index.php?rest_route=%2Fwp%2Fv2%2Fmedia&parent=724"}],"wp:term":[{"taxonomy":"category","embeddable":true,"href":"https:\/\/immunes.health\/index.php?rest_route=%2Fwp%2Fv2%2Fcategories&post=724"},{"taxonomy":"post_tag","embeddable":true,"href":"https:\/\/immunes.health\/index.php?rest_route=%2Fwp%2Fv2%2Ftags&post=724"}],"curies":[{"name":"wp","href":"https:\/\/api.w.org\/{rel}","templated":true}]}}