{"id":529,"date":"2020-09-25T22:23:46","date_gmt":"2020-09-25T22:23:46","guid":{"rendered":"http:\/\/immunes.health\/?p=529"},"modified":"2020-10-04T19:13:49","modified_gmt":"2020-10-04T19:13:49","slug":"crowdfunding-i-campanya-de-nous-membres","status":"publish","type":"post","link":"https:\/\/immunes.health\/?p=529&lang=ca","title":{"rendered":"El crowdfunding est\u00e1 en marxa!"},"content":{"rendered":"<iframe loading=\"lazy\" src=\"https:\/\/coopfunding.net\/ca\/campaigns\/immuneshealth\/?widget=1\" width=\"520px\" height=\"1000px\" frameborder=\"0\" scrolling=\"no\" \/><\/iframe>\n\n<p>&nbsp;<\/p>\n<h1>NatureistheCure<\/h1>\n<p><strong>Des d&#8217;inicis d&#8217;octubre hem posat en marxa la cooperativa, obrint l&#8217;opci\u00f3 de fer-se membre, i alhora un primer crowdfunding que permeti aconseguir els fons per desenvolupar la plataforma tecnol\u00f2gica d&#8217;Immunes Health. Un estudi observacional en l\u00ednia pel Covid-19 i donar suport a un estudi cl\u00ednic que s&#8217;est\u00e0 gestant a Catalunya.<\/strong><\/p>\n<p>Han passat mesos des que vam avisar que Covid-19 tenia cures contundents amb compostos de salut natural. Ja llavors vam llan\u00e7ar el kit de suport immunitari amb Quercetin, Vitamina C, Vitamina D i Zinc, a m\u00e9s d&#8217;altres vitamines i minerals, <a href=\"https:\/\/immunes.health\/? page_id=216&amp;lang=ca\" data-wplink-url-error=\"true\">la nostra proposta de kit<\/a>.<\/p>\n<p>En aquest temps han passat moltes coses, especialment rellevants s\u00f3n les que <strong>han estat silenciades pels focus dels grans mitjans de comunicaci\u00f3<\/strong>. I \u00e9s que la narrativa medi\u00e0tica i pol\u00edtica, segueix sense canviar. Segueixen atacant els nostres drets fonamentals, afectant les nostres economies, relacions socials i formes de vida. I un cop instaurats en la negaci\u00f3 de les solucions terap\u00e8utiques i especialment del paper de les defenses immunes, els l\u00edders pol\u00edtics i els creadors d&#8217;opini\u00f3, no corregiran el seu error ells sols, mentre tenen a la seva dreta les grans corporacions de farmac\u00e8utiques, d&#8217;Internet i dels seus sequa\u00e7os \u2026 pressionant per a seguir amb m\u00e9s i m\u00e9s del mateix.<\/p>\n<p>Mentre el medicament gen\u00e8ric Hidroxychloroquina patia una campanya d&#8217;intoxicaci\u00f3 medi\u00e0tica i suposadament en nom de la ci\u00e8ncia, que el va portar a ser prohibit o apartat de les ter\u00e0pies en Am\u00e8rica del nord i bona part d&#8217;Europa, molts metges i investigadors han anat apropant el seu treball, estudis i recomanacions als 4 compostos naturals que confirmen principalmente el kit de Immunes Health .<\/p>\n<p>Al final del text destaquem alguns estudis que han anat sortint en els \u00faltims mesos i alguns protocols m\u00e8dics de tractament terap\u00e8utic.<\/p>\n<p><strong>Hi ha tamb\u00e9 uns quants assajos cl\u00ednics en proc\u00e9s, que incorporen els compostos naturals dels quals estem parlant.<\/strong> En la majoria de casos encara no hi ha resultats, per\u00f2 quan n&#8217;hi hagi, encara que siguin positius, temem que seran silenciats com ha passat amb moltes de les bones not\u00edcies quan no hi ha els interessos de grans corporacions darrera.<\/p>\n<p>Necessitem generar un moviment que unexi la recuperaci\u00f3 de la independ\u00e8ncia en la ci\u00e8ncia, i <strong>l&#8217;activisme de la salut<\/strong>, per a comunicar el que funciona i negar-nos a viure en la por, en la mentida i en l&#8217;a\u00efllament social.<\/p>\n<p><strong>Ara \u00e9s el moment de llan\u00e7ar Immunes Health com a cooperativa global per a donar poder a professionals de la salut i ciutadans<\/strong> per a recuperar junts el paper central que la saviesa de la natura va tenir des de sempre en la ci\u00e8ncia i que en algun moment va perdre per les estrat\u00e8gies que van ordenar les grans corporacions globals.<\/p>\n<p><strong>Un espai d&#8217;intel\u00b7lig\u00e8ncia col\u00b7lectiva, de participaci\u00f3 i de decisi\u00f3 en l\u00ednia, de suport als investigadors i als metges independents, i de dinamitzaci\u00f3 d&#8217;estudis i d assajos cl\u00ednics.<\/strong><\/p>\n<p>Una eina pr\u00e0ctica d&#8217;extensi\u00f3 dels productes naturals que funcionen i fer-los m\u00e9s assequibles a qualsevol butxaca. Ara necessitem ampliar la participaci\u00f3 per a donar for\u00e7a al llan\u00e7ament d&#8217;aquesta campanya. Si est\u00e0s d&#8217;acord amb la import\u00e0ncia d\u00b4 Immunes Health i tens una mica de temps o idees, propostes .. .Posa&#8217;t en contacte a trav\u00e9s del formulari: <a href=\"https:\/\/immunes.health\/?page_id=241&amp;lang=ca\">Contacta&#8217;ns<\/a> .<\/p>\n<p>&nbsp;<\/p>\n<p>Estudis :<\/p>\n<p>Structural stability of SARS-CoV-2 3 CLpro and identification of quercetin is an inhibitor by experimental screening (amb investigadors de la Universitat de Saragossa i d, altres pa\u00efsos) <br><strong><a href=\"https:\/\/www.sciencedirect.com\/science\/article\/pii\/S0141813020339970\">https:\/\/www.sciencedirect.com\/science\/article\/pii\/S0141813020339970<\/a><\/strong><\/p>\n<p>Quercetin and Vitamin C: An Experimental, Synergistic Therapy for the Prevention and Treatment of SARS-CoV-2 Related Disease (COVID-19)<br><a href=\"https:\/\/www.frontiersin.org\/articles\/10.3389\/fimmu.2020.01451\/full\"><strong>https:\/\/www.frontiersin.org\/articles\/10.3389\/fimmu.2020.01451\/full<\/strong><\/a><\/p>\n<p>Association of vitamin D with the modulation of the disease severity in COVID-19<br><strong><a href=\"https:\/\/www.sciencedirect.com\/science\/article\/pii\/S0168170220310558\">https:\/\/www.sciencedirect.com\/science\/article\/pii\/S0168170220310558<\/a><\/strong><\/p>\n<p>Early Nutritional Interventions with Zinc, Selenium and Vitamin D for Raising Anti-Viral Resistance Against Progressive COVID-19<br><strong><a href=\"https:\/\/www.ncbi.nlm.nih.gov\/pmc\/articles\/PMC7468884\/\">https:\/\/www.ncbi.nlm.nih.gov\/pmc\/articles\/PMC7468884\/<\/a><\/strong><\/p>\n<p>&nbsp;<\/p>\n<p>Protocols m\u00e8dics de tractament terap\u00e8utic :<\/p>\n<p>Math Hospital treatment protocol<br><strong><a href=\"https:\/\/covid19criticalcare.com\/math-hospital-treatment\/\">https:\/\/covid19criticalcare.com\/math-hospital-treatment\/<\/a><\/strong><\/p>\n<p>Zelenko protocol<br><strong><a href=\"https:\/\/internetprotocol.co\/covid-19\/2020\/08\/20\/prehospital-management-of-covid-19zelenko-protocol\/\">https:\/\/internetprotocol.co\/covid-19\/2020\/08\/20\/prehospital-management-of-covid-19zelenko-protocol\/<\/a><\/strong><\/p>\n<p>Covid 19 is not untreatable (A summary of therapies with the focus of natural therapies)<br><strong><a href=\"https:\/\/www.physiciansforcivildefense.org\/2020\/09\/16\/covid-19-is-not-untreatable\/\">https:\/\/www.physiciansforcivildefense.org\/2020\/09\/16\/covid-19-is-not-<\/a><\/strong><\/p>\n\n\n<p><\/p>\n","protected":false},"excerpt":{"rendered":"<p>&nbsp; NatureistheCure Des d&#8217;inicis d&#8217;octubre hem posat en marxa la cooperativa, obrint l&#8217;opci\u00f3 de fer-se membre, i alhora un primer crowdfunding que permeti aconseguir els fons per desenvolupar la plataforma tecnol\u00f2gica d&#8217;Immunes Health. Un estudi observacional en l\u00ednia pel Covid-19 i donar suport a un estudi cl\u00ednic que s&#8217;est\u00e0 gestant a Catalunya. Han passat mesos [&hellip;]<\/p>\n","protected":false},"author":1,"featured_media":0,"comment_status":"open","ping_status":"open","sticky":false,"template":"","format":"standard","meta":{"footnotes":""},"categories":[5],"tags":[],"_links":{"self":[{"href":"https:\/\/immunes.health\/index.php?rest_route=\/wp\/v2\/posts\/529"}],"collection":[{"href":"https:\/\/immunes.health\/index.php?rest_route=\/wp\/v2\/posts"}],"about":[{"href":"https:\/\/immunes.health\/index.php?rest_route=\/wp\/v2\/types\/post"}],"author":[{"embeddable":true,"href":"https:\/\/immunes.health\/index.php?rest_route=\/wp\/v2\/users\/1"}],"replies":[{"embeddable":true,"href":"https:\/\/immunes.health\/index.php?rest_route=%2Fwp%2Fv2%2Fcomments&post=529"}],"version-history":[{"count":5,"href":"https:\/\/immunes.health\/index.php?rest_route=\/wp\/v2\/posts\/529\/revisions"}],"predecessor-version":[{"id":625,"href":"https:\/\/immunes.health\/index.php?rest_route=\/wp\/v2\/posts\/529\/revisions\/625"}],"wp:attachment":[{"href":"https:\/\/immunes.health\/index.php?rest_route=%2Fwp%2Fv2%2Fmedia&parent=529"}],"wp:term":[{"taxonomy":"category","embeddable":true,"href":"https:\/\/immunes.health\/index.php?rest_route=%2Fwp%2Fv2%2Fcategories&post=529"},{"taxonomy":"post_tag","embeddable":true,"href":"https:\/\/immunes.health\/index.php?rest_route=%2Fwp%2Fv2%2Ftags&post=529"}],"curies":[{"name":"wp","href":"https:\/\/api.w.org\/{rel}","templated":true}]}}