{"id":1006,"date":"2020-11-27T13:34:50","date_gmt":"2020-11-27T13:34:50","guid":{"rendered":"http:\/\/immunes.health\/?p=1006"},"modified":"2020-11-29T16:53:37","modified_gmt":"2020-11-29T16:53:37","slug":"immunes-health-inicia-cicle-de-xerrades","status":"publish","type":"post","link":"https:\/\/immunes.health\/?p=1006&lang=ca","title":{"rendered":"Immunes health inicia cicle de xerrades"},"content":{"rendered":"\n<p>Des de la plataforma de base comuna Immnes Health (IH) promovem l\u2019empoderament de les persones de manera col\u00b7laborativa.<\/p>\n\n\n\n<p>La formaci\u00f3 figura entre un dels principals objectius d\u2019IH, compartint la informaci\u00f3 disponible i necess\u00e0ria a tots els ciutadans per tal de tenir eines per la cura de la seva pr\u00f2pia salut, tant f\u00edsica com emocional, i seguir un sistema de vida m\u00e9s saludable.<\/p>\n\n\n\n<p>Aix\u00ed doncs, compromesos de manera proactiva i preventiva en la salut comunit\u00e0ria, engeguem aquest gran projecte formatiu amb un s\u00e8rie de debats i confer\u00e8ncies divulgatives, online i presencials, al voltant de la autoprotecci\u00f3 de la nostra salut, compartint informaci\u00f3 i sempre des de la vessant participativa i amb un alt valor afegit.<\/p>\n\n\n\n<p>Tant si ets professional de la salut, com si ja tens cura de la teva pr\u00f2pia salut, t\u2019animem a compartir les teves experi\u00e8ncies, ja sigui com a ponent o com participant en les diferents accions formatives que es programin.<\/p>\n\n\n\n<p><\/p>\n\n\n\n<p><\/p>\n\n\n\n<p>Per a m\u00e9s informaci\u00f3 al voltant d\u2019aquest programa que iniciem ja des d\u2019ara mateix, nom\u00e9s cal que contactis amb nosaltres, a la seg\u00fcent adre\u00e7a: immunes@immunes.health<\/p>\n\n\n\n<p>I per comen\u00e7ar el programa, com a primera xerrada:<\/p>\n\n\n\n<figure class=\"wp-block-image size-large\"><img loading=\"lazy\" decoding=\"async\" width=\"727\" height=\"1024\" src=\"http:\/\/immunes.health\/wp-content\/uploads\/2020\/11\/9e8d62226fffd9dc51c92-727x1024.jpg\" alt=\"\" class=\"wp-image-1009\" srcset=\"https:\/\/immunes.health\/wp-content\/uploads\/2020\/11\/9e8d62226fffd9dc51c92-727x1024.jpg 727w, https:\/\/immunes.health\/wp-content\/uploads\/2020\/11\/9e8d62226fffd9dc51c92-600x846.jpg 600w, https:\/\/immunes.health\/wp-content\/uploads\/2020\/11\/9e8d62226fffd9dc51c92-213x300.jpg 213w, https:\/\/immunes.health\/wp-content\/uploads\/2020\/11\/9e8d62226fffd9dc51c92-768x1082.jpg 768w, https:\/\/immunes.health\/wp-content\/uploads\/2020\/11\/9e8d62226fffd9dc51c92.jpg 1036w\" sizes=\"(max-width: 727px) 100vw, 727px\" \/><\/figure>\n\n\n\n<p><a href=\"https:\/\/ca.meet.coop\/b\/enr-xbn-czr-msh\">https:\/\/ca.meet.coop\/b\/enr-xbn-czr-msh<\/a><\/p>\n\n\n\n<p>Us esperem!!<\/p>\n","protected":false},"excerpt":{"rendered":"<p>Des de la plataforma de base comuna Immnes Health (IH) promovem l\u2019empoderament de les persones de manera col\u00b7laborativa. La formaci\u00f3 figura entre un dels principals objectius d\u2019IH, compartint la informaci\u00f3 disponible i necess\u00e0ria a tots els ciutadans per tal de tenir eines per la cura de la seva pr\u00f2pia salut, tant f\u00edsica com emocional, i [&hellip;]<\/p>\n","protected":false},"author":1,"featured_media":1009,"comment_status":"open","ping_status":"open","sticky":false,"template":"","format":"standard","meta":{"footnotes":""},"categories":[81],"tags":[],"_links":{"self":[{"href":"https:\/\/immunes.health\/index.php?rest_route=\/wp\/v2\/posts\/1006"}],"collection":[{"href":"https:\/\/immunes.health\/index.php?rest_route=\/wp\/v2\/posts"}],"about":[{"href":"https:\/\/immunes.health\/index.php?rest_route=\/wp\/v2\/types\/post"}],"author":[{"embeddable":true,"href":"https:\/\/immunes.health\/index.php?rest_route=\/wp\/v2\/users\/1"}],"replies":[{"embeddable":true,"href":"https:\/\/immunes.health\/index.php?rest_route=%2Fwp%2Fv2%2Fcomments&post=1006"}],"version-history":[{"count":3,"href":"https:\/\/immunes.health\/index.php?rest_route=\/wp\/v2\/posts\/1006\/revisions"}],"predecessor-version":[{"id":1016,"href":"https:\/\/immunes.health\/index.php?rest_route=\/wp\/v2\/posts\/1006\/revisions\/1016"}],"wp:featuredmedia":[{"embeddable":true,"href":"https:\/\/immunes.health\/index.php?rest_route=\/wp\/v2\/media\/1009"}],"wp:attachment":[{"href":"https:\/\/immunes.health\/index.php?rest_route=%2Fwp%2Fv2%2Fmedia&parent=1006"}],"wp:term":[{"taxonomy":"category","embeddable":true,"href":"https:\/\/immunes.health\/index.php?rest_route=%2Fwp%2Fv2%2Fcategories&post=1006"},{"taxonomy":"post_tag","embeddable":true,"href":"https:\/\/immunes.health\/index.php?rest_route=%2Fwp%2Fv2%2Ftags&post=1006"}],"curies":[{"name":"wp","href":"https:\/\/api.w.org\/{rel}","templated":true}]}}